{"id":5811,"date":"2025-10-27T15:11:34","date_gmt":"2025-10-27T15:11:34","guid":{"rendered":"https:\/\/so-anwaelte.de\/?p=5811"},"modified":"2025-10-28T07:34:11","modified_gmt":"2025-10-28T07:34:11","slug":"radares-fijos-en-osnabrueck-bremen-y-alrededores","status":"publish","type":"post","link":"https:\/\/so-anwaelte.de\/es\/blitzer-in-osnabrueck-bremen-und-umgebung\/","title":{"rendered":"Radares de tr\u00e1fico en Osnabr\u00fcck, Bremen y alrededores"},"content":{"rendered":"<div data-elementor-type=\"wp-post\" data-elementor-id=\"5811\" class=\"elementor elementor-5811\" data-elementor-post-type=\"post\">\n\t\t\t\t<div class=\"elementor-element elementor-element-7c26e5e e-flex e-con-boxed wpr-particle-no wpr-jarallax-no wpr-parallax-no wpr-sticky-section-no e-con e-parent\" data-id=\"7c26e5e\" data-element_type=\"container\" data-e-type=\"container\">\n\t\t\t\t\t<div class=\"e-con-inner\">\n\t\t<div class=\"elementor-element elementor-element-236c5ab e-con-full e-flex wpr-particle-no wpr-jarallax-no wpr-parallax-no wpr-sticky-section-no e-con e-child\" data-id=\"236c5ab\" data-element_type=\"container\" data-e-type=\"container\">\n\t\t<div class=\"elementor-element elementor-element-143b249 e-con-full e-flex wpr-particle-no wpr-jarallax-no wpr-parallax-no wpr-sticky-section-no e-con e-child\" data-id=\"143b249\" data-element_type=\"container\" data-e-type=\"container\">\n\t\t\t\t<div class=\"elementor-element elementor-element-2b4d7ad elementor-widget elementor-widget-text-editor\" data-id=\"2b4d7ad\" data-element_type=\"widget\" data-e-type=\"widget\" data-widget_type=\"text-editor.default\">\n\t\t\t\t<div class=\"elementor-widget-container\">\n\t\t\t\t\t\t\t\t\t<h1 class=\"western\"><a name=\"X33fb55c9bb50752797b26bcd006ee554bc21949\"><\/a><a name=\"content\"><\/a><a name=\"header\"><\/a>Radares de tr\u00e1fico en Osnabr\u00fcck, Bremen y alrededores<\/h1><p class=\"first-paragraph\"><b>\u00bfTe han flasheado?<\/b> En esta p\u00e1gina encontrar\u00e1 una visi\u00f3n general del <b>autoridades sancionadoras competentes<\/b> en Osnabr\u00fcck, Bremen, el distrito de Diepholz y los distritos vecinos, as\u00ed como informaci\u00f3n sobre <b>Blitzers<\/b> (controles de velocidad fijos y controles de velocidad m\u00f3viles) en la regi\u00f3n. As\u00ed sabr\u00e1 qu\u00e9 autoridad <b>Notificaci\u00f3n de multa<\/b> y donde en todas partes con <b>Controles de velocidad<\/b> es de esperar. Tambi\u00e9n recibir\u00e1 informaci\u00f3n sobre lo que <a href=\"https:\/\/so-anwaelte.de\/es\/buena-ley\/\"><b>Procedimiento sancionador<\/b><\/a> sucede y como un <b>Abogado de tr\u00e1fico<\/b> puede ayudarle si desea impugnar una decisi\u00f3n.<\/p><h2 class=\"western\"><a name=\"zust\u00e4ndige-bu\u00dfgeldstellen-in-der-region\"><\/a> Oficinas de multas responsables en la regi\u00f3n<\/h2><p class=\"first-paragraph\">Tras una infracci\u00f3n de tr\u00e1fico (como exceso de velocidad o sem\u00e1foro en rojo), recibir\u00e1 una notificaci\u00f3n del responsable <b>Oficina de multas<\/b>. Dependiendo del lugar de la infracci\u00f3n, las autoridades competentes son diferentes. Aqu\u00ed est\u00e1n las autoridades de multas m\u00e1s importantes para Osnabr\u00fcck, Bremen y los distritos vecinos:<\/p><ul><li><p class=\"compact\"><b>Osnabr\u00fcck<\/b> - En el <b>Ciudad de Osnabr\u00fcck<\/b> La oficina de multas se encuentra en la Oficina de Orden P\u00fablico (Natruper-Tor-Wall 2, 49076 Osnabr\u00fcck) y tramita las infracciones en el \u00e1mbito de la ciudad. Para la <b>Distrito de Osnabr\u00fcck<\/b> la Oficina de Multas de la Oficina de Tr\u00e1fico del distrito (Am Sch\u00f6lerberg 1, 49082 Osnabr\u00fcck) es responsable de las infracciones administrativas en las carreteras del distrito, estatales y federales.<\/p><\/li><li><p class=\"compact\"><b>Bremen<\/b> - En la Ciudad Hanse\u00e1tica Libre de Bremen, la oficina municipal (oficina de orden p\u00fablico, departamento de infracciones de tr\u00e1fico) act\u00faa como oficina central de multas. Se encuentra en la calle Stresemannstra\u00dfe 48, 28207 Bremen, y sanciona todas las infracciones de tr\u00e1fico cometidas en la ciudad de Bremen. La ciudad de Bremerhaven tiene su propia oficina de multas en la Oficina de Orden P\u00fablico y Ciudadanos de Bremerhaven, Hinrich-Schmalfeldt-Str. 30, 27576 Bremerhaven.<\/p><\/li><li><p class=\"compact\"><b>Distrito de Diepholz<\/b> - La oficina de multas del <b>Distrito de Diepholz<\/b> se encuentra en la oficina de tr\u00e1fico de Diepholz (Niedersachsenstra\u00dfe 2, 49356 Diepholz). Desde aqu\u00ed se tramitan las infracciones de tr\u00e1fico de todo el distrito (incluidos Syke, Sulingen, Stuhr, etc.) y se env\u00edan las multas.<\/p><\/li><li><p class=\"compact\"><b>Distrito de Nienburg\/Weser<\/b> - La oficina de multas del distrito de Nienburg se encuentra en la oficina local de tr\u00e1fico vial (Kr\u00e4her Weg 60, 31582 Nienburg). Es responsable de las infracciones administrativas en las carreteras del distrito de Nienburg (regi\u00f3n de Mittelweser).<\/p><\/li><li><p class=\"compact\"><b>Oldenburg<\/b> - Para el <b>Ciudad de Oldenburg<\/b> (ciudad sin distritos), es responsable la oficina de multas de la Oficina de Seguridad y Orden de la ciudad de Oldenburg (Pferdemarkt 14, 26121 Oldenburg). Infracciones en el <b>Condado de Oldenburg<\/b> (incluye Wildeshausen, Wardenburg, etc.) son perseguidos por la oficina de multas del distrito de Wildeshausen (Delmenhorster Str. 6, 27793 Wildeshausen).<\/p><\/li><li><p class=\"compact\"><b>Distrito de Vechta<\/b> - La oficina de multas de Vechta (Ravensberger Str. 20, 49377 Vechta) es responsable de las infracciones de tr\u00e1fico en el distrito de Vechta. Este distrito limita directamente con Diepholz y se encuentra en las inmediaciones de las regiones antes mencionadas.<\/p><\/li><\/ul><p class=\"first-paragraph\"><i>Nota:<\/i> Los distritos vecinos, como. <b>Verden<\/b>, <b>Easterwood<\/b> o <b>Cloppenburg<\/b> tienen sus propias autoridades de multas. Por regla general, las oficinas de multas est\u00e1n adscritas organizativamente a las oficinas de tr\u00e1fico o de orden p\u00fablico del municipio respectivo. Si tiene una <b>Notificaci\u00f3n de multa<\/b> podr\u00e1 reconocer qu\u00e9 autoridad lo ha expedido (la direcci\u00f3n y la autoridad figuran en el membrete).<\/p><h2 class=\"western\"><a name=\"blitzer-in-osnabr\u00fcck-stadt-und-landkreis\"><\/a> Radares de tr\u00e1fico en Osnabr\u00fcck (ciudad y distrito)<\/h2><p class=\"first-paragraph\"><b>Osnabr\u00fcck<\/b> cuenta con numerosos locales tanto en la ciudad como en el distrito. <b>Medici\u00f3n de la velocidad<\/b>. En el <b>Ciudad de Osnabr\u00fcck<\/b> se sit\u00faan actualmente en torno a <b>15 radares fijos<\/b> (controles de velocidad fijos). Est\u00e1n situados principalmente en v\u00edas arteriales muy transitadas y en puntos negros de accidentes. Algunos ejemplos son los sistemas de medici\u00f3n instalados permanentemente en la <b>B68\/Hansastrasse<\/b>, el <b>August-Bebel-Platz<\/b> o a lo largo de la carretera de circunvalaci\u00f3n (Schlo\u00dfwall, Petersburger Wall, etc.). Algunas de estas instalaciones no s\u00f3lo controlan la velocidad, sino que tambi\u00e9n sirven para <b>Intermitentes de sem\u00e1foro<\/b> para el control de los sem\u00e1foros en rojo en los cruces.<\/p><p>La ciudad de Osnabr\u00fcck tambi\u00e9n organiza diariamente <b>Controles de velocidad m\u00f3viles<\/b> a trav\u00e9s de. Las ubicaciones cambian y cubren todas las partes de la ciudad, desde las zonas residenciales hasta las v\u00edas arteriales. Los \u00faltimos informes sobre radares se publican a menudo en la prensa local o en la radio para que los conductores puedan mantenerse informados. Sin embargo, usted debe <i>siempre<\/i> esperan recibir un flash sin previo aviso, porque adem\u00e1s de los puntos de medici\u00f3n previstos por la ciudad <b>Polic\u00eda<\/b> y el servicio municipal de tr\u00e1fico puede realizar controles espont\u00e1neos en otros lugares en cualquier momento.<\/p><p>En el <b>Distrito de Osnabr\u00fcck<\/b> la administraci\u00f3n del distrito se hace cargo de la vigilancia del tr\u00e1fico en las carreteras del distrito y estatales fuera de la ciudad. El distrito publica incluso un <b>plan semanal de puntos de medici\u00f3n<\/b>Cada semana se instalan unidades m\u00f3viles de radar en distintos lugares del distrito. Por ejemplo, una semana los lunes en <i>Wallenhorst<\/i> se comprueban los martes en <i>Melle<\/i>, Mi\u00e9rcoles en <i>Belm<\/i> etc.-, de modo que diferentes ciudades y municipios de la comarca sean controlados en d\u00edas distintos a lo largo de la semana. Estos puntos de medici\u00f3n planificados suelen anunciarse con antelaci\u00f3n en los portales de noticias regionales. Adem\u00e1s de estas mediciones en los distritos, la polic\u00eda de la regi\u00f3n de Osnabr\u00fcck tambi\u00e9n realiza controles en autopistas y carreteras comarcales (por ejemplo, en la A30 o la B68), que no siempre se anuncian. Cualquiera que conduzca regularmente por la regi\u00f3n lo sabe: <b>Radares de tr\u00e1fico<\/b> en principio pueden colocarse en cualquier lugar, especialmente en puntos negros de accidentes, escuelas\/guarder\u00edas (zonas de 30 km\/h) y conocidas \u201erutas de exceso de velocidad\u201c en el campo.<\/p><h2 class=\"western\"><a name=\"blitzer-in-bremen-stadtgebiet\"><\/a>Radares de tr\u00e1fico en Bremen (zona urbana)<\/h2><p class=\"first-paragraph\">En el <b>Ciudad de Bremen<\/b> tambi\u00e9n son numerosos <b>Radares de tr\u00e1fico<\/b> activo. Existen <b>Controles de velocidad fijos<\/b> en importantes ejes de tr\u00e1fico y cruces de la ciudad. Por ejemplo, hay veloc\u00edmetros fijos en el <b>B75 (Osterholzer Heerstra\u00dfe)<\/b> en el este de Bremen, en la <b>Kurt-Schumacher-Allee<\/b> en el centro de la ciudad y en las arterias y carreteras principales de varios carriles donde se producen con frecuencia infracciones de velocidad. Tambi\u00e9n se instalan sistemas de medici\u00f3n fijos en las v\u00edas de acceso a las autopistas que rodean Bremen (por ejemplo, las v\u00edas de acceso a la A1 y la A27) o se pueden colocar remolques de medici\u00f3n temporales. Algunos cruces semaforizados de Bremen tambi\u00e9n est\u00e1n equipados con <b>Luces intermitentes rojas<\/b> equipados para sancionar las infracciones de sem\u00e1foro en rojo en el denso tr\u00e1fico urbano.<\/p><p>Adem\u00e1s de estas instalaciones fijas, Bremen cuenta con <b>Radares m\u00f3viles<\/b>, que el servicio de vigilancia del tr\u00e1fico o la polic\u00eda despliegan con flexibilidad. La polic\u00eda de Bremen controla con frecuencia la velocidad en distintos lugares, por ejemplo en la autopista de la ciudad (B6 \/ B75), en las principales carreteras que atraviesan la ciudad o en zonas de 30 km\/h dentro de zonas residenciales. La ubicaci\u00f3n actual de los radares m\u00f3viles en Bremen no siempre se anuncia p\u00fablicamente con antelaci\u00f3n. Sin embargo, las emisoras de radio y los portales de tr\u00e1fico suelen ofrecer actualizaciones diarias sobre las principales campa\u00f1as de medici\u00f3n. Especialmente en el contexto de campa\u00f1as de \u00e1mbito nacional como la <b>Marat\u00f3n de radares fijos<\/b> (una campa\u00f1a anual de 24 horas), Bremen tambi\u00e9n anuncia con antelaci\u00f3n los puntos de medici\u00f3n para concienciar sobre el tema. No obstante, los conductores de Bremen deben estar alerta en todo momento: se realizan controles en toda la ciudad para frenar a los conductores que exceden la velocidad y evitar accidentes.<\/p><p><img fetchpriority=\"high\" decoding=\"async\" class=\"aligncenter size-medium wp-image-5816\" src=\"https:\/\/so-anwaelte.de\/wp-content\/uploads\/2025\/10\/ra_stev_89482_City_intersection_in_Bremen_with_traffic_lights_02df7568-3255-4c86-84e0-6c408fa2e4a7_3-300x226.png\" alt=\"\" width=\"300\" height=\"226\" srcset=\"https:\/\/so-anwaelte.de\/wp-content\/uploads\/2025\/10\/ra_stev_89482_City_intersection_in_Bremen_with_traffic_lights_02df7568-3255-4c86-84e0-6c408fa2e4a7_3-300x226.png 300w, https:\/\/so-anwaelte.de\/wp-content\/uploads\/2025\/10\/ra_stev_89482_City_intersection_in_Bremen_with_traffic_lights_02df7568-3255-4c86-84e0-6c408fa2e4a7_3-1024x771.png 1024w, https:\/\/so-anwaelte.de\/wp-content\/uploads\/2025\/10\/ra_stev_89482_City_intersection_in_Bremen_with_traffic_lights_02df7568-3255-4c86-84e0-6c408fa2e4a7_3-768x578.png 768w, https:\/\/so-anwaelte.de\/wp-content\/uploads\/2025\/10\/ra_stev_89482_City_intersection_in_Bremen_with_traffic_lights_02df7568-3255-4c86-84e0-6c408fa2e4a7_3-600x452.png 600w, https:\/\/so-anwaelte.de\/wp-content\/uploads\/2025\/10\/ra_stev_89482_City_intersection_in_Bremen_with_traffic_lights_02df7568-3255-4c86-84e0-6c408fa2e4a7_3.png 1232w\" sizes=\"(max-width: 300px) 100vw, 300px\" \/><\/p><p><i>Consejo:<\/i> En Bremen, el <b>Procedimiento sancionador<\/b> centralizada por la oficina municipal\/de multas. Por lo tanto, si usted ha sido \u201emultado\u201c en Bremen, la notificaci\u00f3n vendr\u00e1 de la autoridad de multas de Bremen. Si tiene alguna pregunta u objeci\u00f3n a una notificaci\u00f3n de Bremen, lo mejor es que se ponga en contacto inmediatamente con un abogado, que se ocupar\u00e1 del asunto por usted.<\/p><h2 class=\"western\"><a name=\"blitzer-im-landkreis-diepholz\"><\/a>Radares de tr\u00e1fico en el distrito de Diepholz<\/h2><p class=\"first-paragraph\">En <b>Distrito de Diepholz<\/b> se basa principalmente en lo siguiente para controlar la velocidad <b>Mediciones m\u00f3viles<\/b>. A diferencia de las grandes ciudades, el distrito tiene <b>s\u00f3lo unos pocos radares fijos<\/b>. Un equipo de la administraci\u00f3n del distrito circula regularmente por las carreteras con dispositivos de radar m\u00f3viles, incluido un denominado \u201eremolque radar de velocidad\u201c (dispositivo de medici\u00f3n semiestacionario que puede estacionarse en un lugar durante un periodo de tiempo m\u00e1s largo).<\/p><p>Cada semana, el distrito de Diepholz publica un <b>Plan de medici\u00f3n<\/b> con las ubicaciones previstas de los radares de velocidad. Esto permite a los ciudadanos saber de antemano en qu\u00e9 municipios o en qu\u00e9 rutas se utilizar\u00e1n radares fijos la semana siguiente. Normalmente, los puntos de control cambian a diario: por ejemplo, el lunes en <i>Weyhe<\/i>, Martes en <i>Stuhr<\/i>, mi\u00e9rcoles en <i>Sulingen<\/i>, Jueves en <i>Diepholz<\/i> (ciudad), el viernes en Kirchdorf, etc., de modo que se cubra todo el distrito a lo largo de la semana. El distrito controla la velocidad tanto en las zonas urbanas (en las ciudades) como fuera de ellas (en las carreteras del distrito y estatales).<\/p><p>Es importante saberlo: <b>Controles policiales<\/b> en el distrito de Diepholz tambi\u00e9n se producen y no forman parte del plan de medici\u00f3n publicado. La polic\u00eda puede realizar mediciones de velocidad en cualquier momento, por ejemplo, en las carreteras principales (como la B51, B6, B214) del distrito, sin previo aviso. Por lo tanto, no debe descuidarse, ni siquiera lejos de los puntos de medici\u00f3n previstos en el distrito. En general, el distrito de Diepholz sigue la estrategia de cubrir la mayor superficie posible con radares m\u00f3viles flexibles en lugar de depender de instalaciones fijas. Para los automovilistas, esto significa conducir siempre con precauci\u00f3n en todo el distrito: la probabilidad, <i>en alg\u00fan lugar<\/i> de encontrarse con un radar de tr\u00e1fico es alta.<\/p><h2 class=\"western\"><a name=\"blitzer-im-landkreis-nienburgweser\"><\/a>Radares de tr\u00e1fico en el distrito de Nienburg\/Weser<\/h2><p class=\"first-paragraph\">Al igual que Diepholz, el <b>Distrito de Nienburg\/Weser<\/b>: Aqu\u00ed tambi\u00e9n predominan <b>Controles de velocidad m\u00f3viles<\/b>. Entre otras cosas, el distrito de Nienburg cuenta con un moderno <b>Remolque con radar de tr\u00e1fico<\/b>, que se despliega en diversos puntos del distrito. La administraci\u00f3n del distrito de Nienburg ha identificado un total de unos 30 posibles puntos de medici\u00f3n en los que se coloca regularmente este remolque o veh\u00edculos de medici\u00f3n m\u00f3viles.<\/p><p>Cada semana el <b>ubicaci\u00f3n actual de los radares fijos<\/b> anunciados en el distrito. Por regla general, el distrito publica un calendario semanal (de lunes a viernes, incluyendo a veces los fines de semana) en el que se indican los lugares donde se llevar\u00e1n a cabo los controles. Ejemplo: En una semana puede decir - lunes: ciudad de Nienburg (centro urbano), martes: B214 en el municipio mancomunado de Steimbke, mi\u00e9rcoles: L 352 en la comarca de Hoya, etc. Esta informaci\u00f3n por adelantado tiene una finalidad de transparencia y, por supuesto, de prevenci\u00f3n: si sabes que te van a controlar, es de esperar que conduzcas con m\u00e1s cuidado en todas partes.<\/p><p>Sin embargo, no hay que fiarse \u00fanicamente de estos anuncios. <b>Inspecciones sin previo aviso<\/b> por la polic\u00eda o fuera del plan son posibles en cualquier momento. La polic\u00eda y los distritos vecinos tambi\u00e9n llevan a cabo controles de velocidad, especialmente en las carreteras principales (carreteras federales como la B6, la B215 o la autopista A2 cerca del \u00e1rea del distrito). Toda persona que viaje en coche por la zona de Nienburg debe ser consciente de esta variedad de controles y conducir siempre con precauci\u00f3n.<\/p><h2 class=\"western\"><a name=\"Xe9db2ef2fab265b27144f7efb74d90c2fcfb2f9\"><\/a> Radares de tr\u00e1fico en el distrito de Oldenburg (y ciudad de Oldenburg)<\/h2><p class=\"first-paragraph\">En el <b>Condado de Oldenburg<\/b> Tambi\u00e9n se controlan las infracciones de velocidad mediante dispositivos m\u00f3viles de medici\u00f3n. El distrito de Oldenburg es responsable de vigilar las carreteras comarcales y estatales, as\u00ed como las ciudades m\u00e1s peque\u00f1as del distrito. Tambi\u00e9n en este caso, el <b>Plan de puntos de medici\u00f3n<\/b> semanales. El distrito de Oldenburg colabora a menudo con los municipios vecinos para establecer controles de velocidad temporales en puntos negros de accidentes. Al igual que en los dem\u00e1s distritos, los lugares de medici\u00f3n suelen anunciarse con antelaci\u00f3n (por ejemplo, a trav\u00e9s de los medios de comunicaci\u00f3n regionales o de los comunicados de prensa de la administraci\u00f3n del distrito). Por ejemplo, los anuncios pueden decir: \u201eLa semana que viene se instalar\u00e1n radares en la <b>L870 <\/b>flasheado\u201c, etc.<\/p><p><img decoding=\"async\" class=\"aligncenter size-medium wp-image-5815\" src=\"https:\/\/so-anwaelte.de\/wp-content\/uploads\/2025\/10\/ra_stev_89482_A_German_speed_camera_blitzer_on_a_suburban_roa_072b508a-ffbe-4960-b7a3-48d4c3acdffa_1-300x226.png\" alt=\"\" width=\"300\" height=\"226\" srcset=\"https:\/\/so-anwaelte.de\/wp-content\/uploads\/2025\/10\/ra_stev_89482_A_German_speed_camera_blitzer_on_a_suburban_roa_072b508a-ffbe-4960-b7a3-48d4c3acdffa_1-300x226.png 300w, https:\/\/so-anwaelte.de\/wp-content\/uploads\/2025\/10\/ra_stev_89482_A_German_speed_camera_blitzer_on_a_suburban_roa_072b508a-ffbe-4960-b7a3-48d4c3acdffa_1-1024x771.png 1024w, https:\/\/so-anwaelte.de\/wp-content\/uploads\/2025\/10\/ra_stev_89482_A_German_speed_camera_blitzer_on_a_suburban_roa_072b508a-ffbe-4960-b7a3-48d4c3acdffa_1-768x578.png 768w, https:\/\/so-anwaelte.de\/wp-content\/uploads\/2025\/10\/ra_stev_89482_A_German_speed_camera_blitzer_on_a_suburban_roa_072b508a-ffbe-4960-b7a3-48d4c3acdffa_1-600x452.png 600w, https:\/\/so-anwaelte.de\/wp-content\/uploads\/2025\/10\/ra_stev_89482_A_German_speed_camera_blitzer_on_a_suburban_roa_072b508a-ffbe-4960-b7a3-48d4c3acdffa_1.png 1232w\" sizes=\"(max-width: 300px) 100vw, 300px\" \/><\/p><p>Cabe se\u00f1alar que dentro del <b>Ciudad de Delmenhorst<\/b> (ciudad independiente rodeada geogr\u00e1ficamente por el distrito de Oldenburgo) dispone de sus propios controladores de tr\u00e1fico. Delmenhorst tambi\u00e9n anuncia mediciones regulares y opera c\u00e1maras fijas de velocidad con luz roja en algunos cruces semaforizados (por ejemplo, Friedrich-Ebert-Allee \/ Oldenburger Stra\u00dfe \/ Koppelstra\u00dfe). Para los usuarios de la carretera en la regi\u00f3n de Oldenburg\/Delmenhorst, esto significa que tanto la autoridad del distrito como la ciudad de Delmenhorst pueden llevar a cabo controles.<\/p><p>En el <b>Ciudad de Oldenburg<\/b> mismo (que no pertenece al distrito) son numerosas <b>Radares fijos<\/b> especialmente en las principales arterias y cruces de la ciudad de Oldenburg. Algunos ejemplos son el control por radar de la <b>Nudo del mercado de caballos<\/b>, partes del <b>Circunvalaci\u00f3n del centro de la ciudad<\/b> y en las principales arterias en direcci\u00f3n a la autopista. La ciudad de Oldenburg tambi\u00e9n utiliza furgonetas radar m\u00f3viles para controlar el l\u00edmite de velocidad en zonas residenciales y en distintas carreteras. Por tanto, los conductores de Oldenburgo y sus alrededores se encuentran tanto con instalaciones fijas como con mediciones m\u00f3viles espont\u00e1neas. Dependiendo de la ubicaci\u00f3n exacta, la responsabilidad recae en la ciudad de Oldenburg (en el \u00e1rea de la ciudad) o en el distrito (en el \u00e1rea del distrito alrededor de la ciudad).<\/p><p><b>Conclusi\u00f3n para la regi\u00f3n de Oldenburg:<\/b> No hay que suponer que haya menos control en las zonas m\u00e1s rurales: el distrito cubre bien sus municipios con radares m\u00f3viles. Y en las ciudades de Oldenburg y Delmenhorst, la densidad de control es alta de todos modos para mantener a raya a los infractores.<\/p><h2 class=\"western\"><a name=\"X846eda0cd0538306478a82c3a4c8738f5d82621\"><\/a> Regiones vecinas e informaci\u00f3n suprarregional sobre radares de velocidad<\/h2><p class=\"first-paragraph\">Las ciudades y distritos mencionados forman el n\u00facleo de la regi\u00f3n de Osnabr\u00fcck-Bremen-Oldenburg. Adem\u00e1s, tambi\u00e9n hay controles de velocidad regulares en las regiones vecinas, que se organizan de forma similar:<\/p><ul><li><p class=\"compact\">En el <b>Distrito de Vechta<\/b> (al oeste de Diepholz) y en el <b>Condado de Verden<\/b> (al este de Nienburg, al sur de Bremen) tambi\u00e9n publica horarios semanales para los radares m\u00f3viles. Tambi\u00e9n all\u00ed, la furgoneta con radar de velocidad rota por varios lugares.<\/p><\/li><li><p class=\"compact\">En el <b>Distrito de Osterholz<\/b> y en el <b>Distrito de Rotenburg (W\u00fcmme)<\/b> - tanto en la vecina Bremen como en Nienburg, las autoridades de los respectivos distritos realizan mediciones de velocidad, a menudo anunciadas a trav\u00e9s de los medios de comunicaci\u00f3n locales.<\/p><\/li><li><p class=\"compact\">Los conductores que viajen hacia el sur, en direcci\u00f3n a la regi\u00f3n de Hannover, y hacia el oeste, en direcci\u00f3n a Renania del Norte-Westfalia (por ejemplo, el distrito de Minden-L\u00fcbbecke, lim\u00edtrofe con Nienburg y Diepholz) tambi\u00e9n deben esperar la presencia de radares fijos. En ocasiones, varios estados federados coordinan jornadas de control interestatales.<\/p><\/li><\/ul><p class=\"first-paragraph\">Muchos conductores utilizan informes de tr\u00e1fico por radio o aplicaciones para obtener informaci\u00f3n actualizada sobre la ubicaci\u00f3n de los radares m\u00f3viles. Por ejemplo, emisoras de radio como <b>Antena Baja Sajonia<\/b> o <b>diarios locales<\/b> Informes en directo sobre la ubicaci\u00f3n actual de los radares fijos. Sin embargo, informar sobre los radares mientras se conduce es legalmente controvertido en Alemania (sistema de aviso de radares). Por lo tanto, es aconsejable echar un vistazo a esta informaci\u00f3n antes de salir o durante las pausas y, por lo dem\u00e1s, simplemente conducir con previsi\u00f3n y a la velocidad adecuada.<\/p><h2 class=\"western\"><a name=\"X15fedacfc4acf635dfbc7321526dc797fd352dc\"><\/a> Multas: \u00bfqu\u00e9 hacer? (Procedimiento de multa y consejo de un abogado)<\/h2><p class=\"first-paragraph\">Si le han multado por exceso de velocidad en Osnabr\u00fcck, Bremen o sus alrededores, recibir\u00e1 un <b>Notificaci\u00f3n de multa<\/b> de la autoridad sancionadora competente. Esta decisi\u00f3n contiene la acusaci\u00f3n <b>Infracci\u00f3n de tr\u00e1fico<\/b> (por ejemplo, \u201evelocidad superada en X km\/h\u201c), el <b>Fino<\/b>, posible <b>Puntos en Flensburg (FAER - registro de aptitud para la conducci\u00f3n)<\/b> y si es necesario un <b>Prohibici\u00f3n de conducir<\/b>. Se cobrar\u00e1n tasas y gastos adicionales. A partir de la fecha de notificaci\u00f3n de la decisi\u00f3n tiene usted <b>14 d\u00edas<\/b>, a <b>Protesto<\/b> si no est\u00e1 de acuerdo con la acusaci\u00f3n.<\/p><p>Antes de hacer un pago precipitado, debe comprobar la decisi\u00f3n cuidadosamente (o hacer que la comprueben). <b>Fuentes de error<\/b> hay unos cuantos: \u00bfEstaba el radar correctamente calibrado y configurado? \u00bfSe le asign\u00f3 claramente la foto de medici\u00f3n como conductor? \u00bfSon correctas la velocidad y la deducci\u00f3n de tolerancia? En algunos casos, merece la pena emprender acciones legales contra el aviso, especialmente si se enfrenta a una multa elevada, a la retirada de puntos o a la prohibici\u00f3n de conducir.<\/p><p>En <b>Abogados de tr\u00e1fico<\/b> conocemos los puntos d\u00e9biles t\u00edpicos de <a href=\"https:\/\/so-anwaelte.de\/es\/buena-ley\/\">Procedimiento sancionador<\/a>. Podemos solicitar acceso a archivos para usted, analizar registros de medici\u00f3n y comprobar si un <b>Protesto<\/b> tiene posibilidades de \u00e9xito. En la regi\u00f3n de Osnabr\u00fcck\/Bremen, en particular, conocemos el funcionamiento de las autoridades y podemos juzgar cu\u00e1ndo un procedimiento merece la pena. <b>No dude en ponerse en contacto con nosotros<\/b>, si ha sido multado por exceso de velocidad y desea asesoramiento jur\u00eddico. En caso de impugnaci\u00f3n, nos haremos cargo de la comunicaci\u00f3n con la autoridad sancionadora y defenderemos sus derechos, de modo que pueda evitarse una posible prohibici\u00f3n de conducir o reducirse la multa.<\/p><p><b>Resumen:<\/b> Este resumen muestra que se realizan controles en muchos lugares de nuestra regi\u00f3n: desde Osnabr\u00fcck hasta Bremen, pasando por los distritos rurales. As\u00ed que mantente alerta en la carretera. Y si te ponen una multa por exceso de velocidad, no est\u00e1s solo: estamos aqu\u00ed para ayudarte. <a href=\"https:\/\/so-anwaelte.de\/es\/ley-de-trafico\/\"><b>Derecho de la circulaci\u00f3n<\/b><\/a> y ayudarle a optimizar su <a href=\"https:\/\/so-anwaelte.de\/es\/buena-ley\/\">Procedimiento sancionador<\/a> con \u00e9xito. \u00a1Buen viaje!<\/p>\t\t\t\t\t\t\t\t<\/div>\n\t\t\t\t<\/div>\n\t\t\t\t<\/div>\n\t\t<div class=\"elementor-element elementor-element-7ba7b17 e-con-full elementor-hidden-tablet elementor-hidden-mobile e-flex wpr-particle-no wpr-jarallax-no wpr-parallax-no wpr-sticky-section-no e-con e-child\" data-id=\"7ba7b17\" data-element_type=\"container\" data-e-type=\"container\">\n\t\t<div class=\"elementor-element elementor-element-c6877ed e-con-full elementor-hidden-tablet elementor-hidden-mobile e-flex wpr-particle-no wpr-jarallax-no wpr-parallax-no wpr-sticky-section-no e-con e-child\" data-id=\"c6877ed\" data-element_type=\"container\" data-e-type=\"container\">\n\t\t<div class=\"elementor-element elementor-element-f7fcb50 e-con-full e-flex wpr-particle-no wpr-jarallax-no wpr-parallax-no wpr-sticky-section-no e-con e-child\" data-id=\"f7fcb50\" data-element_type=\"container\" data-e-type=\"container\">\n\t\t<div class=\"elementor-element elementor-element-085ee7a e-con-full e-flex wpr-particle-no wpr-jarallax-no wpr-parallax-no wpr-sticky-section-no e-con e-child\" data-id=\"085ee7a\" data-element_type=\"container\" data-e-type=\"container\">\n\t\t\t\t<div class=\"elementor-element elementor-element-886850e elementor-widget elementor-widget-image\" data-id=\"886850e\" data-element_type=\"widget\" data-e-type=\"widget\" data-widget_type=\"image.default\">\n\t\t\t\t<div class=\"elementor-widget-container\">\n\t\t\t\t\t\t\t\t\t\t\t\t\t\t\t<img decoding=\"async\" width=\"640\" height=\"905\" src=\"https:\/\/so-anwaelte.de\/wp-content\/uploads\/2025\/06\/ra_stev_89482_A_portrait_of_femal_lawyer_with_short_hair_in_h_8b5cb15e-03b9-4371-9a31-139f48e9cbf0_1-724x1024.png\" class=\"attachment-large size-large wp-image-3488\" alt=\"\" srcset=\"https:\/\/so-anwaelte.de\/wp-content\/uploads\/2025\/06\/ra_stev_89482_A_portrait_of_femal_lawyer_with_short_hair_in_h_8b5cb15e-03b9-4371-9a31-139f48e9cbf0_1-724x1024.png 724w, https:\/\/so-anwaelte.de\/wp-content\/uploads\/2025\/06\/ra_stev_89482_A_portrait_of_femal_lawyer_with_short_hair_in_h_8b5cb15e-03b9-4371-9a31-139f48e9cbf0_1-212x300.png 212w, https:\/\/so-anwaelte.de\/wp-content\/uploads\/2025\/06\/ra_stev_89482_A_portrait_of_femal_lawyer_with_short_hair_in_h_8b5cb15e-03b9-4371-9a31-139f48e9cbf0_1-768x1086.png 768w, https:\/\/so-anwaelte.de\/wp-content\/uploads\/2025\/06\/ra_stev_89482_A_portrait_of_femal_lawyer_with_short_hair_in_h_8b5cb15e-03b9-4371-9a31-139f48e9cbf0_1-424x600.png 424w, https:\/\/so-anwaelte.de\/wp-content\/uploads\/2025\/06\/ra_stev_89482_A_portrait_of_femal_lawyer_with_short_hair_in_h_8b5cb15e-03b9-4371-9a31-139f48e9cbf0_1.png 928w\" sizes=\"(max-width: 640px) 100vw, 640px\" \/>\t\t\t\t\t\t\t\t\t\t\t\t\t\t\t<\/div>\n\t\t\t\t<\/div>\n\t\t\t\t<\/div>\n\t\t<div class=\"elementor-element elementor-element-fa8082f e-con-full e-flex wpr-particle-no wpr-jarallax-no wpr-parallax-no wpr-sticky-section-no e-con e-child\" data-id=\"fa8082f\" data-element_type=\"container\" data-e-type=\"container\">\n\t\t\t\t<div class=\"elementor-element elementor-element-fa45e71 elementor-widget elementor-widget-text-editor\" data-id=\"fa45e71\" data-element_type=\"widget\" data-e-type=\"widget\" data-widget_type=\"text-editor.default\">\n\t\t\t\t<div class=\"elementor-widget-container\">\n\t\t\t\t\t\t\t\t\t<p style=\"text-align: center;\">Kim Mirow\u00a0<br \/>Abogado de tr\u00e1fico<\/p>\t\t\t\t\t\t\t\t<\/div>\n\t\t\t\t<\/div>\n\t\t\t\t<\/div>\n\t\t<div class=\"elementor-element elementor-element-4ede8e9 e-con-full e-flex wpr-particle-no wpr-jarallax-no wpr-parallax-no wpr-sticky-section-no e-con e-child\" data-id=\"4ede8e9\" data-element_type=\"container\" data-e-type=\"container\">\n\t\t\t\t<div class=\"elementor-element elementor-element-6e23b1b elementor-widget elementor-widget-image\" data-id=\"6e23b1b\" data-element_type=\"widget\" data-e-type=\"widget\" data-widget_type=\"image.default\">\n\t\t\t\t<div class=\"elementor-widget-container\">\n\t\t\t\t\t\t\t\t\t\t\t\t\t\t\t<img loading=\"lazy\" decoding=\"async\" width=\"640\" height=\"186\" src=\"https:\/\/so-anwaelte.de\/wp-content\/uploads\/2025\/06\/Bildschirmfoto-2020-03-19-um-12.57.10.png\" class=\"attachment-large size-large wp-image-3838\" alt=\"\" srcset=\"https:\/\/so-anwaelte.de\/wp-content\/uploads\/2025\/06\/Bildschirmfoto-2020-03-19-um-12.57.10.png 1012w, https:\/\/so-anwaelte.de\/wp-content\/uploads\/2025\/06\/Bildschirmfoto-2020-03-19-um-12.57.10-300x87.png 300w, https:\/\/so-anwaelte.de\/wp-content\/uploads\/2025\/06\/Bildschirmfoto-2020-03-19-um-12.57.10-768x223.png 768w, https:\/\/so-anwaelte.de\/wp-content\/uploads\/2025\/06\/Bildschirmfoto-2020-03-19-um-12.57.10-600x174.png 600w\" sizes=\"(max-width: 640px) 100vw, 640px\" \/>\t\t\t\t\t\t\t\t\t\t\t\t\t\t\t<\/div>\n\t\t\t\t<\/div>\n\t\t\t\t<\/div>\n\t\t<div class=\"elementor-element elementor-element-b7bde32 e-con-full e-flex wpr-particle-no wpr-jarallax-no wpr-parallax-no wpr-sticky-section-no e-con e-child\" data-id=\"b7bde32\" data-element_type=\"container\" data-e-type=\"container\">\n\t\t\t\t<div class=\"elementor-element elementor-element-f598125 elementor-align-center elementor-widget elementor-widget-button\" data-id=\"f598125\" data-element_type=\"widget\" data-e-type=\"widget\" data-widget_type=\"button.default\">\n\t\t\t\t<div class=\"elementor-widget-container\">\n\t\t\t\t\t\t\t\t\t<div class=\"elementor-button-wrapper\">\n\t\t\t\t\t<a class=\"elementor-button elementor-button-link elementor-size-sm\" href=\"https:\/\/form.advobox.com\/steveker-odebrecht\/kontaktanfrage\/\">\n\t\t\t\t\t\t<span class=\"elementor-button-content-wrapper\">\n\t\t\t\t\t\t\t\t\t<span class=\"elementor-button-text\">P\u00f3ngase en contacto con nosotros<\/span>\n\t\t\t\t\t<\/span>\n\t\t\t\t\t<\/a>\n\t\t\t\t<\/div>\n\t\t\t\t\t\t\t\t<\/div>\n\t\t\t\t<\/div>\n\t\t\t\t<\/div>\n\t\t\t\t<\/div>\n\t\t\t\t<\/div>\n\t\t<div class=\"elementor-element elementor-element-4ab3a41 e-con-full e-flex wpr-particle-no wpr-jarallax-no wpr-parallax-no wpr-sticky-section-no e-con e-child\" data-id=\"4ab3a41\" data-element_type=\"container\" data-e-type=\"container\">\n\t\t<div class=\"elementor-element elementor-element-e28376b e-con-full e-flex wpr-particle-no wpr-jarallax-no wpr-parallax-no wpr-sticky-section-no e-con e-child\" data-id=\"e28376b\" data-element_type=\"container\" data-e-type=\"container\">\n\t\t<div class=\"elementor-element elementor-element-4b8021c e-con-full e-flex wpr-particle-no wpr-jarallax-no wpr-parallax-no wpr-sticky-section-no e-con e-child\" data-id=\"4b8021c\" data-element_type=\"container\" data-e-type=\"container\">\n\t\t\t\t<div class=\"elementor-element elementor-element-b487443 elementor-widget elementor-widget-image\" data-id=\"b487443\" data-element_type=\"widget\" data-e-type=\"widget\" data-widget_type=\"image.default\">\n\t\t\t\t<div class=\"elementor-widget-container\">\n\t\t\t\t\t\t\t\t\t\t\t\t\t\t\t<img loading=\"lazy\" decoding=\"async\" width=\"640\" height=\"948\" src=\"https:\/\/so-anwaelte.de\/wp-content\/uploads\/2025\/06\/ra_stev_89482_A_professional_photograph_of_a_lawyer_with_shor_abfe35bf-f294-441b-ba8c-4cc274a4893e_3-691x1024.png\" class=\"attachment-large size-large wp-image-3425\" alt=\"\" srcset=\"https:\/\/so-anwaelte.de\/wp-content\/uploads\/2025\/06\/ra_stev_89482_A_professional_photograph_of_a_lawyer_with_shor_abfe35bf-f294-441b-ba8c-4cc274a4893e_3-691x1024.png 691w, https:\/\/so-anwaelte.de\/wp-content\/uploads\/2025\/06\/ra_stev_89482_A_professional_photograph_of_a_lawyer_with_shor_abfe35bf-f294-441b-ba8c-4cc274a4893e_3-202x300.png 202w, https:\/\/so-anwaelte.de\/wp-content\/uploads\/2025\/06\/ra_stev_89482_A_professional_photograph_of_a_lawyer_with_shor_abfe35bf-f294-441b-ba8c-4cc274a4893e_3-768x1138.png 768w, https:\/\/so-anwaelte.de\/wp-content\/uploads\/2025\/06\/ra_stev_89482_A_professional_photograph_of_a_lawyer_with_shor_abfe35bf-f294-441b-ba8c-4cc274a4893e_3-405x600.png 405w, https:\/\/so-anwaelte.de\/wp-content\/uploads\/2025\/06\/ra_stev_89482_A_professional_photograph_of_a_lawyer_with_shor_abfe35bf-f294-441b-ba8c-4cc274a4893e_3.png 896w\" sizes=\"(max-width: 640px) 100vw, 640px\" \/>\t\t\t\t\t\t\t\t\t\t\t\t\t\t\t<\/div>\n\t\t\t\t<\/div>\n\t\t\t\t<\/div>\n\t\t<div class=\"elementor-element elementor-element-81a106f e-con-full e-flex wpr-particle-no wpr-jarallax-no wpr-parallax-no wpr-sticky-section-no e-con e-child\" data-id=\"81a106f\" data-element_type=\"container\" data-e-type=\"container\">\n\t\t\t\t<div class=\"elementor-element elementor-element-7d837e9 elementor-widget elementor-widget-text-editor\" data-id=\"7d837e9\" data-element_type=\"widget\" data-e-type=\"widget\" data-widget_type=\"text-editor.default\">\n\t\t\t\t<div class=\"elementor-widget-container\">\n\t\t\t\t\t\t\t\t\t<p style=\"text-align: center;\">Bj\u00f6rn Steveker\u00a0<br \/>Abogado especialista en Derecho laboral<\/p>\t\t\t\t\t\t\t\t<\/div>\n\t\t\t\t<\/div>\n\t\t\t\t<\/div>\n\t\t<div class=\"elementor-element elementor-element-4d56cb6 e-con-full e-flex wpr-particle-no wpr-jarallax-no wpr-parallax-no wpr-sticky-section-no e-con e-child\" data-id=\"4d56cb6\" data-element_type=\"container\" data-e-type=\"container\">\n\t\t\t\t<div class=\"elementor-element elementor-element-f59c3d8 elementor-widget elementor-widget-image\" data-id=\"f59c3d8\" data-element_type=\"widget\" data-e-type=\"widget\" data-widget_type=\"image.default\">\n\t\t\t\t<div class=\"elementor-widget-container\">\n\t\t\t\t\t\t\t\t\t\t\t\t\t\t\t<img loading=\"lazy\" decoding=\"async\" width=\"640\" height=\"156\" src=\"https:\/\/so-anwaelte.de\/wp-content\/uploads\/2025\/04\/logo_mitglied_arge_arbeitsrecht_1-1024x249.jpg\" class=\"attachment-large size-large wp-image-273\" alt=\"\" srcset=\"https:\/\/so-anwaelte.de\/wp-content\/uploads\/2025\/04\/logo_mitglied_arge_arbeitsrecht_1-1024x249.jpg 1024w, https:\/\/so-anwaelte.de\/wp-content\/uploads\/2025\/04\/logo_mitglied_arge_arbeitsrecht_1-300x73.jpg 300w, https:\/\/so-anwaelte.de\/wp-content\/uploads\/2025\/04\/logo_mitglied_arge_arbeitsrecht_1-768x187.jpg 768w, https:\/\/so-anwaelte.de\/wp-content\/uploads\/2025\/04\/logo_mitglied_arge_arbeitsrecht_1-600x146.jpg 600w, https:\/\/so-anwaelte.de\/wp-content\/uploads\/2025\/04\/logo_mitglied_arge_arbeitsrecht_1.jpg 1514w\" sizes=\"(max-width: 640px) 100vw, 640px\" \/>\t\t\t\t\t\t\t\t\t\t\t\t\t\t\t<\/div>\n\t\t\t\t<\/div>\n\t\t\t\t<\/div>\n\t\t<div class=\"elementor-element elementor-element-b1459c1 e-con-full e-flex wpr-particle-no wpr-jarallax-no wpr-parallax-no wpr-sticky-section-no e-con e-child\" data-id=\"b1459c1\" data-element_type=\"container\" data-e-type=\"container\">\n\t\t\t\t<div class=\"elementor-element elementor-element-1b2ce0b elementor-align-center elementor-widget elementor-widget-button\" data-id=\"1b2ce0b\" data-element_type=\"widget\" data-e-type=\"widget\" data-widget_type=\"button.default\">\n\t\t\t\t<div class=\"elementor-widget-container\">\n\t\t\t\t\t\t\t\t\t<div class=\"elementor-button-wrapper\">\n\t\t\t\t\t<a class=\"elementor-button elementor-button-link elementor-size-sm\" href=\"https:\/\/form.advobox.com\/steveker-odebrecht\/kontaktanfrage\/\">\n\t\t\t\t\t\t<span class=\"elementor-button-content-wrapper\">\n\t\t\t\t\t\t\t\t\t<span class=\"elementor-button-text\">P\u00f3ngase en contacto con nosotros<\/span>\n\t\t\t\t\t<\/span>\n\t\t\t\t\t<\/a>\n\t\t\t\t<\/div>\n\t\t\t\t\t\t\t\t<\/div>\n\t\t\t\t<\/div>\n\t\t\t\t<\/div>\n\t\t\t\t<\/div>\n\t\t\t\t<\/div>\n\t\t\t\t<\/div>\n\t\t\t\t<\/div>\n\t\t\t\t\t<\/div>\n\t\t\t\t<\/div>\n\t\t<div class=\"elementor-element elementor-element-e269475 elementor-hidden-desktop e-flex e-con-boxed wpr-particle-no wpr-jarallax-no wpr-parallax-no wpr-sticky-section-no e-con e-parent\" data-id=\"e269475\" data-element_type=\"container\" data-e-type=\"container\">\n\t\t\t\t\t<div class=\"e-con-inner\">\n\t\t<div class=\"elementor-element elementor-element-ae23b00 e-con-full elementor-hidden-tablet elementor-hidden-mobile e-flex wpr-particle-no wpr-jarallax-no wpr-parallax-no wpr-sticky-section-no e-con e-child\" data-id=\"ae23b00\" data-element_type=\"container\" data-e-type=\"container\">\n\t\t<div class=\"elementor-element elementor-element-8523f62 e-con-full elementor-hidden-tablet elementor-hidden-mobile e-flex wpr-particle-no wpr-jarallax-no wpr-parallax-no wpr-sticky-section-no e-con e-child\" data-id=\"8523f62\" data-element_type=\"container\" data-e-type=\"container\">\n\t\t<div class=\"elementor-element elementor-element-4ad0bac e-con-full e-flex wpr-particle-no wpr-jarallax-no wpr-parallax-no wpr-sticky-section-no e-con e-child\" data-id=\"4ad0bac\" data-element_type=\"container\" data-e-type=\"container\">\n\t\t<div class=\"elementor-element elementor-element-e8152c4 e-con-full e-flex wpr-particle-no wpr-jarallax-no wpr-parallax-no wpr-sticky-section-no e-con e-child\" data-id=\"e8152c4\" data-element_type=\"container\" data-e-type=\"container\">\n\t\t\t\t<div class=\"elementor-element elementor-element-1884797 elementor-widget elementor-widget-image\" data-id=\"1884797\" data-element_type=\"widget\" data-e-type=\"widget\" data-widget_type=\"image.default\">\n\t\t\t\t<div class=\"elementor-widget-container\">\n\t\t\t\t\t\t\t\t\t\t\t\t\t\t\t<img decoding=\"async\" width=\"640\" height=\"905\" src=\"https:\/\/so-anwaelte.de\/wp-content\/uploads\/2025\/06\/ra_stev_89482_A_portrait_of_femal_lawyer_with_short_hair_in_h_8b5cb15e-03b9-4371-9a31-139f48e9cbf0_1-724x1024.png\" class=\"attachment-large size-large wp-image-3488\" alt=\"\" srcset=\"https:\/\/so-anwaelte.de\/wp-content\/uploads\/2025\/06\/ra_stev_89482_A_portrait_of_femal_lawyer_with_short_hair_in_h_8b5cb15e-03b9-4371-9a31-139f48e9cbf0_1-724x1024.png 724w, https:\/\/so-anwaelte.de\/wp-content\/uploads\/2025\/06\/ra_stev_89482_A_portrait_of_femal_lawyer_with_short_hair_in_h_8b5cb15e-03b9-4371-9a31-139f48e9cbf0_1-212x300.png 212w, https:\/\/so-anwaelte.de\/wp-content\/uploads\/2025\/06\/ra_stev_89482_A_portrait_of_femal_lawyer_with_short_hair_in_h_8b5cb15e-03b9-4371-9a31-139f48e9cbf0_1-768x1086.png 768w, https:\/\/so-anwaelte.de\/wp-content\/uploads\/2025\/06\/ra_stev_89482_A_portrait_of_femal_lawyer_with_short_hair_in_h_8b5cb15e-03b9-4371-9a31-139f48e9cbf0_1-424x600.png 424w, https:\/\/so-anwaelte.de\/wp-content\/uploads\/2025\/06\/ra_stev_89482_A_portrait_of_femal_lawyer_with_short_hair_in_h_8b5cb15e-03b9-4371-9a31-139f48e9cbf0_1.png 928w\" sizes=\"(max-width: 640px) 100vw, 640px\" \/>\t\t\t\t\t\t\t\t\t\t\t\t\t\t\t<\/div>\n\t\t\t\t<\/div>\n\t\t\t\t<\/div>\n\t\t<div class=\"elementor-element elementor-element-931586c e-con-full e-flex wpr-particle-no wpr-jarallax-no wpr-parallax-no wpr-sticky-section-no e-con e-child\" data-id=\"931586c\" data-element_type=\"container\" data-e-type=\"container\">\n\t\t\t\t<div class=\"elementor-element elementor-element-b318487 elementor-widget elementor-widget-text-editor\" data-id=\"b318487\" data-element_type=\"widget\" data-e-type=\"widget\" data-widget_type=\"text-editor.default\">\n\t\t\t\t<div class=\"elementor-widget-container\">\n\t\t\t\t\t\t\t\t\t<p style=\"text-align: center;\">Kim Mirow\u00a0<br \/>Abogado de tr\u00e1fico<\/p>\t\t\t\t\t\t\t\t<\/div>\n\t\t\t\t<\/div>\n\t\t\t\t<\/div>\n\t\t<div class=\"elementor-element elementor-element-a140e90 e-con-full e-flex wpr-particle-no wpr-jarallax-no wpr-parallax-no wpr-sticky-section-no e-con e-child\" data-id=\"a140e90\" data-element_type=\"container\" data-e-type=\"container\">\n\t\t\t\t<div class=\"elementor-element elementor-element-9012ad0 elementor-widget elementor-widget-image\" data-id=\"9012ad0\" data-element_type=\"widget\" data-e-type=\"widget\" data-widget_type=\"image.default\">\n\t\t\t\t<div class=\"elementor-widget-container\">\n\t\t\t\t\t\t\t\t\t\t\t\t\t\t\t<img loading=\"lazy\" decoding=\"async\" width=\"640\" height=\"186\" src=\"https:\/\/so-anwaelte.de\/wp-content\/uploads\/2025\/06\/Bildschirmfoto-2020-03-19-um-12.57.10.png\" class=\"attachment-large size-large wp-image-3838\" alt=\"\" srcset=\"https:\/\/so-anwaelte.de\/wp-content\/uploads\/2025\/06\/Bildschirmfoto-2020-03-19-um-12.57.10.png 1012w, https:\/\/so-anwaelte.de\/wp-content\/uploads\/2025\/06\/Bildschirmfoto-2020-03-19-um-12.57.10-300x87.png 300w, https:\/\/so-anwaelte.de\/wp-content\/uploads\/2025\/06\/Bildschirmfoto-2020-03-19-um-12.57.10-768x223.png 768w, https:\/\/so-anwaelte.de\/wp-content\/uploads\/2025\/06\/Bildschirmfoto-2020-03-19-um-12.57.10-600x174.png 600w\" sizes=\"(max-width: 640px) 100vw, 640px\" \/>\t\t\t\t\t\t\t\t\t\t\t\t\t\t\t<\/div>\n\t\t\t\t<\/div>\n\t\t\t\t<\/div>\n\t\t<div class=\"elementor-element elementor-element-b6c0190 e-con-full e-flex wpr-particle-no wpr-jarallax-no wpr-parallax-no wpr-sticky-section-no e-con e-child\" data-id=\"b6c0190\" data-element_type=\"container\" data-e-type=\"container\">\n\t\t\t\t<div class=\"elementor-element elementor-element-8061b74 elementor-align-center elementor-widget elementor-widget-button\" data-id=\"8061b74\" data-element_type=\"widget\" data-e-type=\"widget\" data-widget_type=\"button.default\">\n\t\t\t\t<div class=\"elementor-widget-container\">\n\t\t\t\t\t\t\t\t\t<div class=\"elementor-button-wrapper\">\n\t\t\t\t\t<a class=\"elementor-button elementor-button-link elementor-size-sm\" href=\"https:\/\/form.advobox.com\/steveker-odebrecht\/kontaktanfrage\/\">\n\t\t\t\t\t\t<span class=\"elementor-button-content-wrapper\">\n\t\t\t\t\t\t\t\t\t<span class=\"elementor-button-text\">P\u00f3ngase en contacto con nosotros<\/span>\n\t\t\t\t\t<\/span>\n\t\t\t\t\t<\/a>\n\t\t\t\t<\/div>\n\t\t\t\t\t\t\t\t<\/div>\n\t\t\t\t<\/div>\n\t\t\t\t<\/div>\n\t\t\t\t<\/div>\n\t\t\t\t<\/div>\n\t\t<div class=\"elementor-element elementor-element-1684de4 e-con-full e-flex wpr-particle-no wpr-jarallax-no wpr-parallax-no wpr-sticky-section-no e-con e-child\" data-id=\"1684de4\" data-element_type=\"container\" data-e-type=\"container\">\n\t\t<div class=\"elementor-element elementor-element-f58b8f4 e-con-full e-flex wpr-particle-no wpr-jarallax-no wpr-parallax-no wpr-sticky-section-no e-con e-child\" data-id=\"f58b8f4\" data-element_type=\"container\" data-e-type=\"container\">\n\t\t<div class=\"elementor-element elementor-element-c7aa924 e-con-full e-flex wpr-particle-no wpr-jarallax-no wpr-parallax-no wpr-sticky-section-no e-con e-child\" data-id=\"c7aa924\" data-element_type=\"container\" data-e-type=\"container\">\n\t\t\t\t<div class=\"elementor-element elementor-element-dd2005d elementor-widget elementor-widget-image\" data-id=\"dd2005d\" data-element_type=\"widget\" data-e-type=\"widget\" data-widget_type=\"image.default\">\n\t\t\t\t<div class=\"elementor-widget-container\">\n\t\t\t\t\t\t\t\t\t\t\t\t\t\t\t<img loading=\"lazy\" decoding=\"async\" width=\"640\" height=\"948\" src=\"https:\/\/so-anwaelte.de\/wp-content\/uploads\/2025\/06\/ra_stev_89482_A_professional_photograph_of_a_lawyer_with_shor_abfe35bf-f294-441b-ba8c-4cc274a4893e_3-691x1024.png\" class=\"attachment-large size-large wp-image-3425\" alt=\"\" srcset=\"https:\/\/so-anwaelte.de\/wp-content\/uploads\/2025\/06\/ra_stev_89482_A_professional_photograph_of_a_lawyer_with_shor_abfe35bf-f294-441b-ba8c-4cc274a4893e_3-691x1024.png 691w, https:\/\/so-anwaelte.de\/wp-content\/uploads\/2025\/06\/ra_stev_89482_A_professional_photograph_of_a_lawyer_with_shor_abfe35bf-f294-441b-ba8c-4cc274a4893e_3-202x300.png 202w, https:\/\/so-anwaelte.de\/wp-content\/uploads\/2025\/06\/ra_stev_89482_A_professional_photograph_of_a_lawyer_with_shor_abfe35bf-f294-441b-ba8c-4cc274a4893e_3-768x1138.png 768w, https:\/\/so-anwaelte.de\/wp-content\/uploads\/2025\/06\/ra_stev_89482_A_professional_photograph_of_a_lawyer_with_shor_abfe35bf-f294-441b-ba8c-4cc274a4893e_3-405x600.png 405w, https:\/\/so-anwaelte.de\/wp-content\/uploads\/2025\/06\/ra_stev_89482_A_professional_photograph_of_a_lawyer_with_shor_abfe35bf-f294-441b-ba8c-4cc274a4893e_3.png 896w\" sizes=\"(max-width: 640px) 100vw, 640px\" \/>\t\t\t\t\t\t\t\t\t\t\t\t\t\t\t<\/div>\n\t\t\t\t<\/div>\n\t\t\t\t<\/div>\n\t\t<div class=\"elementor-element elementor-element-1bf7500 e-con-full e-flex wpr-particle-no wpr-jarallax-no wpr-parallax-no wpr-sticky-section-no e-con e-child\" data-id=\"1bf7500\" data-element_type=\"container\" data-e-type=\"container\">\n\t\t\t\t<div class=\"elementor-element elementor-element-2300bbc elementor-widget elementor-widget-text-editor\" data-id=\"2300bbc\" data-element_type=\"widget\" data-e-type=\"widget\" data-widget_type=\"text-editor.default\">\n\t\t\t\t<div class=\"elementor-widget-container\">\n\t\t\t\t\t\t\t\t\t<p style=\"text-align: center;\">Bj\u00f6rn Steveker\u00a0<br \/>Abogado especialista en Derecho laboral<\/p>\t\t\t\t\t\t\t\t<\/div>\n\t\t\t\t<\/div>\n\t\t\t\t<\/div>\n\t\t<div class=\"elementor-element elementor-element-da56c9c e-con-full e-flex wpr-particle-no wpr-jarallax-no wpr-parallax-no wpr-sticky-section-no e-con e-child\" data-id=\"da56c9c\" data-element_type=\"container\" data-e-type=\"container\">\n\t\t\t\t<div class=\"elementor-element elementor-element-c1c0c07 elementor-widget elementor-widget-image\" data-id=\"c1c0c07\" data-element_type=\"widget\" data-e-type=\"widget\" data-widget_type=\"image.default\">\n\t\t\t\t<div class=\"elementor-widget-container\">\n\t\t\t\t\t\t\t\t\t\t\t\t\t\t\t<img loading=\"lazy\" decoding=\"async\" width=\"640\" height=\"156\" src=\"https:\/\/so-anwaelte.de\/wp-content\/uploads\/2025\/04\/logo_mitglied_arge_arbeitsrecht_1-1024x249.jpg\" class=\"attachment-large size-large wp-image-273\" alt=\"\" srcset=\"https:\/\/so-anwaelte.de\/wp-content\/uploads\/2025\/04\/logo_mitglied_arge_arbeitsrecht_1-1024x249.jpg 1024w, https:\/\/so-anwaelte.de\/wp-content\/uploads\/2025\/04\/logo_mitglied_arge_arbeitsrecht_1-300x73.jpg 300w, https:\/\/so-anwaelte.de\/wp-content\/uploads\/2025\/04\/logo_mitglied_arge_arbeitsrecht_1-768x187.jpg 768w, https:\/\/so-anwaelte.de\/wp-content\/uploads\/2025\/04\/logo_mitglied_arge_arbeitsrecht_1-600x146.jpg 600w, https:\/\/so-anwaelte.de\/wp-content\/uploads\/2025\/04\/logo_mitglied_arge_arbeitsrecht_1.jpg 1514w\" sizes=\"(max-width: 640px) 100vw, 640px\" \/>\t\t\t\t\t\t\t\t\t\t\t\t\t\t\t<\/div>\n\t\t\t\t<\/div>\n\t\t\t\t<\/div>\n\t\t<div class=\"elementor-element elementor-element-960b7f1 e-con-full e-flex wpr-particle-no wpr-jarallax-no wpr-parallax-no wpr-sticky-section-no e-con e-child\" data-id=\"960b7f1\" data-element_type=\"container\" data-e-type=\"container\">\n\t\t\t\t<div class=\"elementor-element elementor-element-6391646 elementor-align-center elementor-widget elementor-widget-button\" data-id=\"6391646\" data-element_type=\"widget\" data-e-type=\"widget\" data-widget_type=\"button.default\">\n\t\t\t\t<div class=\"elementor-widget-container\">\n\t\t\t\t\t\t\t\t\t<div class=\"elementor-button-wrapper\">\n\t\t\t\t\t<a class=\"elementor-button elementor-button-link elementor-size-sm\" href=\"https:\/\/form.advobox.com\/steveker-odebrecht\/kontaktanfrage\/\">\n\t\t\t\t\t\t<span class=\"elementor-button-content-wrapper\">\n\t\t\t\t\t\t\t\t\t<span class=\"elementor-button-text\">P\u00f3ngase en contacto con nosotros<\/span>\n\t\t\t\t\t<\/span>\n\t\t\t\t\t<\/a>\n\t\t\t\t<\/div>\n\t\t\t\t\t\t\t\t<\/div>\n\t\t\t\t<\/div>\n\t\t\t\t<\/div>\n\t\t\t\t<\/div>\n\t\t\t\t<\/div>\n\t\t\t\t<\/div>\n\t\t\t\t\t<\/div>\n\t\t\t\t<\/div>\n\t\t\t\t<\/div>","protected":false},"excerpt":{"rendered":"<p>Blitzer in Osnabr\u00fcck, Bremen und Umgebung Geblitzt worden? Auf dieser Seite finden Sie eine umfassende \u00dcbersicht der zust\u00e4ndigen Bu\u00dfgeldbeh\u00f6rden in Osnabr\u00fcck, Bremen, dem Landkreis Diepholz und den umliegenden Landkreisen sowie Informationen zu Blitzern (station\u00e4re Radarfallen und mobile Geschwindigkeitskontrollen) in der Region. So wissen Sie, welche Beh\u00f6rde Ihren Bu\u00dfgeldbescheid bearbeitet und wo \u00fcberall mit Geschwindigkeitskontrollen zu rechnen ist. Zus\u00e4tzlich erhalten Sie Hinweise, was im Bu\u00dfgeldverfahren passiert und wie ein Anwalt f\u00fcr Verkehrsrecht Ihnen helfen kann, falls Sie einen Bescheid anfechten m\u00f6chten. Zust\u00e4ndige Bu\u00dfgeldstellen in der Region Nach einem Verkehrsversto\u00df (etwa bei Geschwindigkeits\u00fcberschreitungen oder Rotlichtverst\u00f6\u00dfen) erhalten Sie einen Bescheid von der zust\u00e4ndigen Bu\u00dfgeldstelle. Je nach Ort des Versto\u00dfes sind unterschiedliche Beh\u00f6rden zust\u00e4ndig. Hier die wichtigsten Bu\u00dfgeldbeh\u00f6rden f\u00fcr Osnabr\u00fcck, Bremen und angrenzende Landkreise: Osnabr\u00fcck \u2013 In der Stadt Osnabr\u00fcck ist die Bu\u00dfgeldstelle beim Ordnungsamt angesiedelt (Natruper-Tor-Wall 2, 49076 Osnabr\u00fcck) und bearbeitet Verst\u00f6\u00dfe im Stadtgebiet. F\u00fcr den Landkreis Osnabr\u00fcck ist die Bu\u00dfgeldstelle beim Stra\u00dfenverkehrsamt des Landkreises zust\u00e4ndig (Am Sch\u00f6lerberg 1, 49082 Osnabr\u00fcck) \u2013 zust\u00e4ndig f\u00fcr Ordnungswidrigkeiten auf Kreis-, Landes- und Bundesstra\u00dfen im Kreisgebiet. Bremen \u2013 In der Freien Hansestadt Bremen fungiert das Stadtamt (Ordnungsamt, Abt. Verkehrsordnungswidrigkeiten) als zentrale Bu\u00dfgeldstelle. Die Beh\u00f6rde sitzt in der Stresemannstra\u00dfe 48, 28207 Bremen, und ahndet alle Verkehrsverst\u00f6\u00dfe, die im Stadtgebiet Bremen begangen werden. F\u00fcr die Stadt Bremerhaven existiert eine eigene Bu\u00dfgeldstelle im B\u00fcrger- und Ordnungsamt Bremerhaven, Hinrich-Schmalfeldt-Str. 30, 27576 Bremerhaven. Landkreis Diepholz \u2013 Die Bu\u00dfgeldstelle des Kreises Diepholz ist beim Stra\u00dfenverkehrsamt in Diepholz eingerichtet (Niedersachsenstra\u00dfe 2, 49356 Diepholz). Von hier werden Verkehrsordnungswidrigkeiten im gesamten Landkreis (u.a. Syke, Sulingen, Stuhr etc.) bearbeitet und Bu\u00dfgeldbescheide versendet. Landkreis Nienburg\/Weser \u2013 Die Bu\u00dfgeldstelle f\u00fcr den Kreis Nienburg befindet sich beim dortigen Stra\u00dfenverkehrsamt (Kr\u00e4her Weg 60, 31582 Nienburg). Sie ist zust\u00e4ndig f\u00fcr Ordnungswidrigkeiten auf den Stra\u00dfen im Landkreis Nienburg (Mittelweser-Region). Oldenburg \u2013 F\u00fcr die Stadt Oldenburg (kreisfreie Stadt) ist die Bu\u00dfgeldstelle beim Amt f\u00fcr Sicherheit und Ordnung der Stadt Oldenburg (Pferdemarkt 14, 26121 Oldenburg) zust\u00e4ndig. Verst\u00f6\u00dfe im Landkreis Oldenburg (umfasst u.a. Wildeshausen, Wardenburg etc.) werden von der Bu\u00dfgeldstelle des Landkreises in Wildeshausen (Delmenhorster Str. 6, 27793 Wildeshausen) verfolgt. Landkreis Vechta \u2013 Die Bu\u00dfgeldstelle Vechta (Ravensberger Str. 20, 49377 Vechta) ist zust\u00e4ndig f\u00fcr Verkehrsverst\u00f6\u00dfe im Kreis Vechta. Dieser Landkreis grenzt direkt an Diepholz und liegt in unmittelbarer Nachbarschaft der oben genannten Regionen. Hinweis: Auch die umliegenden Landkreise wie z.B. Verden, Osterholz oder Cloppenburg verf\u00fcgen \u00fcber eigene Bu\u00dfgeldbeh\u00f6rden. In aller Regel sind die Bu\u00dfgeldstellen organisatorisch den Stra\u00dfenverkehrs\u00e4mtern oder Ordnungs\u00e4mtern der jeweiligen Kommune zugeordnet. Wenn Sie einen Bu\u00dfgeldbescheid erhalten, k\u00f6nnen Sie darin erkennen, welche Stelle ihn erlassen hat (Adresse und Beh\u00f6rde sind im Briefkopf genannt). Blitzer in Osnabr\u00fcck (Stadt und Landkreis) Osnabr\u00fcck verf\u00fcgt sowohl in der Stadt als auch im Landkreis \u00fcber zahlreiche Geschwindigkeitsmessungen. In der Stadt Osnabr\u00fcck sind aktuell rund 15 feste Blitzer (station\u00e4re Radarfallen) installiert. Diese stehen vor allem an viel befahrenen Hauptverkehrsadern und Unfallschwerpunkten. Beispiele sind fest installierte Messanlagen an der B68\/Hansastra\u00dfe, am August-Bebel-Platz oder entlang des Wallrings (Schlo\u00dfwall, Petersburger Wall etc.). Einige dieser Anlagen \u00fcberwachen nicht nur Tempo, sondern dienen auch als Ampelblitzer zur Rotlicht\u00fcberwachung an Kreuzungen. Daneben f\u00fchrt die Stadt Osnabr\u00fcck t\u00e4glich mobile Geschwindigkeitskontrollen durch. Die Standorte wechseln und decken s\u00e4mtliche Stadtteile ab \u2013 von Wohngebieten bis zu Ausfallstra\u00dfen. Oft werden die tagesaktuellen Blitzermeldungen in der lokalen Presse oder \u00fcber Radio durchgegeben, damit sich Autofahrer informieren k\u00f6nnen. Allerdings sollte man immer damit rechnen, auch unangek\u00fcndigt geblitzt zu werden, denn neben den geplanten Messstellen der Stadt k\u00f6nnen Polizei und st\u00e4dtischer Verkehrsdienst jederzeit an anderen Orten spontan kontrollieren. Im Landkreis Osnabr\u00fcck \u00fcbernimmt die Kreisverwaltung die Verkehrs\u00fcberwachung auf Kreis- und Landesstra\u00dfen au\u00dferhalb der Stadt. Der Landkreis ver\u00f6ffentlicht sogar einen w\u00f6chentlichen Messstellenplan: In jeder Woche werden in verschiedenen Orten des Kreises mobile Radar-Ger\u00e4te aufgestellt. Beispielsweise kann in einer Woche montags in Wallenhorst kontrolliert werden, dienstags in Melle, mittwochs in Belm usw. \u2013 so dass \u00fcber die Woche verteilt an wechselnden Tagen unterschiedliche St\u00e4dte und Gemeinden im Landkreis \u00fcberwacht werden. Diese geplanten Messstellen werden oft vorab in regionalen News-Portalen bekanntgegeben. Zus\u00e4tzlich zu diesen Landkreis-Messungen f\u00fchrt nat\u00fcrlich auch die Polizei in der Region Osnabr\u00fcck Autobahn- und Landstra\u00dfenkontrollen durch (z.B. auf der A30 oder B68) \u2013 diese werden nicht immer angek\u00fcndigt. Wer regelm\u00e4\u00dfig in der Region unterwegs ist, wei\u00df: Blitzer k\u00f6nnen prinzipiell \u00fcberall stehen, besonders an Unfallschwerpunkten, Schulen\/Kinderg\u00e4rten (30er-Zonen) und bekannten \u201eRaser-Strecken\u201c auf dem Land. Blitzer in Bremen (Stadtgebiet) In der Stadt Bremen sind ebenfalls zahlreiche Blitzer aktiv. Es gibt feste Radarfallen an wichtigen Verkehrsachsen und Kreuzungen der Stadt. Beispielsweise stehen station\u00e4re Geschwindigkeitsmesser an der B75 (Osterholzer Heerstra\u00dfe) im Bremer Osten, an der Kurt-Schumacher-Allee in der Innenstadt und an Ausfallstra\u00dfen sowie mehrspurigen Hauptstra\u00dfen, wo Tempoverst\u00f6\u00dfe h\u00e4ufig vorkommen. Auch auf den Autobahnzubringern rund um Bremen (z.B. A1 und A27 Zubringer) sind feste Messanlagen installiert oder k\u00f6nnen tempor\u00e4re Messanh\u00e4nger positioniert werden. Einige Ampelkreuzungen in Bremen sind zudem mit Rotlicht-Blitzern ausger\u00fcstet, um Rotlichtverst\u00f6\u00dfe im dichten Stadtverkehr zu ahnden. Neben diesen festen Anlagen setzt Bremen auf mobile Blitzer, die durch den Verkehrs\u00fcberwachungsdienst oder die Polizei flexibel eingesetzt werden. H\u00e4ufig kontrolliert die Bremer Polizei an wechselnden Stellen die Geschwindigkeit, etwa auf der Stadtautobahn (B6 \/ B75), auf den Bundesstra\u00dfen durch die Stadt oder in Tempo-30-Zonen innerhalb der Wohngebiete. Die aktuellen Standorte mobiler Blitzer werden in Bremen nicht immer \u00f6ffentlich vorab angek\u00fcndigt. Allerdings informieren Radiosender und Verkehrsportale oft tagesaktuell \u00fcber gr\u00f6\u00dfere Messaktionen. Besonders im Rahmen bundesweiter Aktionen wie dem Blitzermarathon (einer j\u00e4hrlich stattfindenden 24-Stunden-Aktion) k\u00fcndigt auch Bremen Messstellen vorab an, um f\u00fcr das Thema zu sensibilisieren. Trotzdem sollten Autofahrer in Bremen jederzeit aufmerksam sein \u2013 die \u00dcberwachung erfolgt stadtweit, um Raser zu bremsen und Unf\u00e4lle zu verhindern. Tipp: In Bremen wird das Bu\u00dfgeldverfahren zentral vom Stadtamt\/Bu\u00dfgeldstelle gef\u00fchrt. Wenn Sie also in Bremen \u201egeblitzt\u201c worden sind, kommt der Bescheid von der Bremer Bu\u00dfgeldbeh\u00f6rde. Bei Fragen oder Einspr\u00fcchen gegen einen Bremer Bescheid wenden Sie sich am besten sofort an einen Rechtsanwalt oder eine Rechtsanw\u00e4ltin, der\/die die Angelegenheit f\u00fcr Sie regelt. Blitzer im Landkreis Diepholz Der Landkreis Diepholz setzt zur Geschwindigkeits\u00fcberwachung haupts\u00e4chlich auf mobile Messungen. Anders als Gro\u00dfst\u00e4dte hat der Kreis nur einige fest installierte Blitzer. Ein Team der Kreisverwaltung ist regelm\u00e4\u00dfig mit mobilen Radar-Ger\u00e4ten unterwegs, darunter auch ein sogenannter \u201eBlitzeranh\u00e4nger\u201c (semi-station\u00e4res Messger\u00e4t, das f\u00fcr l\u00e4ngere Zeit<\/p>","protected":false},"author":4,"featured_media":5812,"comment_status":"closed","ping_status":"open","sticky":false,"template":"","format":"standard","meta":{"_yoast_wpseo_focuskw":"Blitzer Osnabr\u00fcck Bremen Umgebung","_yoast_wpseo_title":"","_yoast_wpseo_metadesc":"Erfahren Sie, wo Blitzer in Osnabr\u00fcck, Bremen und Umgebung stehen, welche Bu\u00dfgeldstellen zust\u00e4ndig sind und wann sich ein Einspruch lohnt.","_yoast_wpseo_meta-robots-noindex":"","_yoast_wpseo_canonical":"","so_intro":"","so_s1":"","so_s2":"","so_s3":"","so_s4":"","so_faq":"","so_city":"","so_region":"","so_ag":"","so_lag":"","so_branches":"","two_page_speed":[],"footnotes":""},"categories":[19],"tags":[],"class_list":["post-5811","post","type-post","status-publish","format-standard","has-post-thumbnail","hentry","category-verkehrsrecht"],"yoast_head":"<!-- This site is optimized with the Yoast SEO Premium plugin v27.1 (Yoast SEO v27.4) - https:\/\/yoast.com\/product\/yoast-seo-premium-wordpress\/ -->\n<title>Blitzer in Osnabr\u00fcck, Bremen und Umgebung - Steveker &amp; Odebrecht - Anwaltskanzlei<\/title>\n<meta name=\"description\" content=\"Erfahren Sie, wo Blitzer in Osnabr\u00fcck, Bremen und Umgebung stehen, welche Bu\u00dfgeldstellen zust\u00e4ndig sind und wann sich ein Einspruch lohnt.\" \/>\n<meta name=\"robots\" content=\"index, follow, max-snippet:-1, max-image-preview:large, max-video-preview:-1\" \/>\n<link rel=\"canonical\" href=\"https:\/\/so-anwaelte.de\/es\/radares-fijos-en-osnabrueck-bremen-y-alrededores\/\" \/>\n<meta property=\"og:locale\" content=\"es_ES\" \/>\n<meta property=\"og:type\" content=\"article\" \/>\n<meta property=\"og:title\" content=\"Blitzer in Osnabr\u00fcck, Bremen und Umgebung\" \/>\n<meta property=\"og:description\" content=\"Erfahren Sie, wo Blitzer in Osnabr\u00fcck, Bremen und Umgebung stehen, welche Bu\u00dfgeldstellen zust\u00e4ndig sind und wann sich ein Einspruch lohnt.\" \/>\n<meta property=\"og:url\" content=\"https:\/\/so-anwaelte.de\/es\/radares-fijos-en-osnabrueck-bremen-y-alrededores\/\" \/>\n<meta property=\"og:site_name\" content=\"Steveker &amp; Odebrecht - Anwaltskanzlei\" \/>\n<meta property=\"article:published_time\" content=\"2025-10-27T15:11:34+00:00\" \/>\n<meta property=\"article:modified_time\" content=\"2025-10-28T07:34:11+00:00\" \/>\n<meta property=\"og:image\" content=\"https:\/\/so-anwaelte.de\/wp-content\/uploads\/2025\/10\/ra_stev_89482_Traffic_police_monitoring_speed_with_radar_gun__6752e53e-6a0a-4fdb-a3a1-8a5a33047532_1.png\" \/>\n\t<meta property=\"og:image:width\" content=\"1232\" \/>\n\t<meta property=\"og:image:height\" content=\"928\" \/>\n\t<meta property=\"og:image:type\" content=\"image\/png\" \/>\n<meta name=\"author\" content=\"bjoern@steveker.com\" \/>\n<meta name=\"twitter:card\" content=\"summary_large_image\" \/>\n<meta name=\"twitter:label1\" content=\"Escrito por\" \/>\n\t<meta name=\"twitter:data1\" content=\"bjoern@steveker.com\" \/>\n\t<meta name=\"twitter:label2\" content=\"Tiempo de lectura\" \/>\n\t<meta name=\"twitter:data2\" content=\"29 minutos\" \/>\n<script type=\"application\/ld+json\" class=\"yoast-schema-graph\">{\"@context\":\"https:\\\/\\\/schema.org\",\"@graph\":[{\"@type\":\"Article\",\"@id\":\"https:\\\/\\\/so-anwaelte.de\\\/blitzer-in-osnabrueck-bremen-und-umgebung\\\/#article\",\"isPartOf\":{\"@id\":\"https:\\\/\\\/so-anwaelte.de\\\/blitzer-in-osnabrueck-bremen-und-umgebung\\\/\"},\"author\":{\"name\":\"bjoern@steveker.com\",\"@id\":\"https:\\\/\\\/so-anwaelte.de\\\/#\\\/schema\\\/person\\\/77b2f7132d79025abd5fb7b8475ed77e\"},\"headline\":\"Blitzer in Osnabr\u00fcck, Bremen und Umgebung\",\"datePublished\":\"2025-10-27T15:11:34+00:00\",\"dateModified\":\"2025-10-28T07:34:11+00:00\",\"mainEntityOfPage\":{\"@id\":\"https:\\\/\\\/so-anwaelte.de\\\/blitzer-in-osnabrueck-bremen-und-umgebung\\\/\"},\"wordCount\":2423,\"publisher\":{\"@id\":\"https:\\\/\\\/so-anwaelte.de\\\/#organization\"},\"image\":{\"@id\":\"https:\\\/\\\/so-anwaelte.de\\\/blitzer-in-osnabrueck-bremen-und-umgebung\\\/#primaryimage\"},\"thumbnailUrl\":\"https:\\\/\\\/so-anwaelte.de\\\/wp-content\\\/uploads\\\/2025\\\/10\\\/ra_stev_89482_Traffic_police_monitoring_speed_with_radar_gun__6752e53e-6a0a-4fdb-a3a1-8a5a33047532_1.png\",\"articleSection\":[\"Verkehrsrecht\"],\"inLanguage\":\"es\",\"copyrightYear\":\"2025\",\"copyrightHolder\":{\"@id\":\"https:\\\/\\\/so-anwaelte.de\\\/es\\\/#organization\"}},{\"@type\":\"WebPage\",\"@id\":\"https:\\\/\\\/so-anwaelte.de\\\/blitzer-in-osnabrueck-bremen-und-umgebung\\\/\",\"url\":\"https:\\\/\\\/so-anwaelte.de\\\/blitzer-in-osnabrueck-bremen-und-umgebung\\\/\",\"name\":\"Blitzer in Osnabr\u00fcck, Bremen und Umgebung - Steveker &amp; Odebrecht - Anwaltskanzlei\",\"isPartOf\":{\"@id\":\"https:\\\/\\\/so-anwaelte.de\\\/#website\"},\"primaryImageOfPage\":{\"@id\":\"https:\\\/\\\/so-anwaelte.de\\\/blitzer-in-osnabrueck-bremen-und-umgebung\\\/#primaryimage\"},\"image\":{\"@id\":\"https:\\\/\\\/so-anwaelte.de\\\/blitzer-in-osnabrueck-bremen-und-umgebung\\\/#primaryimage\"},\"thumbnailUrl\":\"https:\\\/\\\/so-anwaelte.de\\\/wp-content\\\/uploads\\\/2025\\\/10\\\/ra_stev_89482_Traffic_police_monitoring_speed_with_radar_gun__6752e53e-6a0a-4fdb-a3a1-8a5a33047532_1.png\",\"datePublished\":\"2025-10-27T15:11:34+00:00\",\"dateModified\":\"2025-10-28T07:34:11+00:00\",\"description\":\"Erfahren Sie, wo Blitzer in Osnabr\u00fcck, Bremen und Umgebung stehen, welche Bu\u00dfgeldstellen zust\u00e4ndig sind und wann sich ein Einspruch lohnt.\",\"breadcrumb\":{\"@id\":\"https:\\\/\\\/so-anwaelte.de\\\/blitzer-in-osnabrueck-bremen-und-umgebung\\\/#breadcrumb\"},\"inLanguage\":\"es\",\"potentialAction\":[{\"@type\":\"ReadAction\",\"target\":[\"https:\\\/\\\/so-anwaelte.de\\\/blitzer-in-osnabrueck-bremen-und-umgebung\\\/\"]}]},{\"@type\":\"ImageObject\",\"inLanguage\":\"es\",\"@id\":\"https:\\\/\\\/so-anwaelte.de\\\/blitzer-in-osnabrueck-bremen-und-umgebung\\\/#primaryimage\",\"url\":\"https:\\\/\\\/so-anwaelte.de\\\/wp-content\\\/uploads\\\/2025\\\/10\\\/ra_stev_89482_Traffic_police_monitoring_speed_with_radar_gun__6752e53e-6a0a-4fdb-a3a1-8a5a33047532_1.png\",\"contentUrl\":\"https:\\\/\\\/so-anwaelte.de\\\/wp-content\\\/uploads\\\/2025\\\/10\\\/ra_stev_89482_Traffic_police_monitoring_speed_with_radar_gun__6752e53e-6a0a-4fdb-a3a1-8a5a33047532_1.png\",\"width\":1232,\"height\":928},{\"@type\":\"BreadcrumbList\",\"@id\":\"https:\\\/\\\/so-anwaelte.de\\\/blitzer-in-osnabrueck-bremen-und-umgebung\\\/#breadcrumb\",\"itemListElement\":[{\"@type\":\"ListItem\",\"position\":1,\"name\":\"Home\",\"item\":\"https:\\\/\\\/so-anwaelte.de\\\/\"},{\"@type\":\"ListItem\",\"position\":2,\"name\":\"Blitzer in Osnabr\u00fcck, Bremen und Umgebung\"}]},{\"@type\":\"WebSite\",\"@id\":\"https:\\\/\\\/so-anwaelte.de\\\/#website\",\"url\":\"https:\\\/\\\/so-anwaelte.de\\\/\",\"name\":\"Steveker & Odebrecht - Anwaltskanzlei\",\"description\":\"\",\"publisher\":{\"@id\":\"https:\\\/\\\/so-anwaelte.de\\\/#organization\"},\"potentialAction\":[{\"@type\":\"SearchAction\",\"target\":{\"@type\":\"EntryPoint\",\"urlTemplate\":\"https:\\\/\\\/so-anwaelte.de\\\/?s={search_term_string}\"},\"query-input\":{\"@type\":\"PropertyValueSpecification\",\"valueRequired\":true,\"valueName\":\"search_term_string\"}}],\"inLanguage\":\"es\"},{\"@type\":[\"Organization\",\"Place\",\"Attorney\"],\"@id\":\"https:\\\/\\\/so-anwaelte.de\\\/#organization\",\"name\":\"Steveker & Odebrecht PartmbB\",\"url\":\"https:\\\/\\\/so-anwaelte.de\\\/\",\"logo\":{\"@type\":\"ImageObject\",\"inLanguage\":\"es\",\"@id\":\"https:\\\/\\\/so-anwaelte.de\\\/#\\\/schema\\\/logo\\\/image\\\/\",\"url\":\"https:\\\/\\\/so-anwaelte.de\\\/wp-content\\\/uploads\\\/2025\\\/04\\\/customcolor_logo_transparent_background-scaled.png\",\"contentUrl\":\"https:\\\/\\\/so-anwaelte.de\\\/wp-content\\\/uploads\\\/2025\\\/04\\\/customcolor_logo_transparent_background-scaled.png\",\"width\":2560,\"height\":1536,\"caption\":\"Steveker & Odebrecht PartmbB\"},\"image\":{\"@id\":\"https:\\\/\\\/so-anwaelte.de\\\/#\\\/schema\\\/logo\\\/image\\\/\"},\"legalName\":\"Steveker & Odebrecht PartmbB\",\"foundingDate\":\"2025-07-01\",\"numberOfEmployees\":{\"@type\":\"QuantitativeValue\",\"minValue\":\"11\",\"maxValue\":\"50\"},\"telephone\":[],\"vatID\":\"DE454806485\"},{\"@type\":\"Person\",\"@id\":\"https:\\\/\\\/so-anwaelte.de\\\/#\\\/schema\\\/person\\\/77b2f7132d79025abd5fb7b8475ed77e\",\"name\":\"bjoern@steveker.com\",\"image\":{\"@type\":\"ImageObject\",\"inLanguage\":\"es\",\"@id\":\"https:\\\/\\\/secure.gravatar.com\\\/avatar\\\/c51571af67be8cc3ea6bcefce709312643610b2d4b85487c04fef2fae586cee0?s=96&d=mm&r=g\",\"url\":\"https:\\\/\\\/secure.gravatar.com\\\/avatar\\\/c51571af67be8cc3ea6bcefce709312643610b2d4b85487c04fef2fae586cee0?s=96&d=mm&r=g\",\"contentUrl\":\"https:\\\/\\\/secure.gravatar.com\\\/avatar\\\/c51571af67be8cc3ea6bcefce709312643610b2d4b85487c04fef2fae586cee0?s=96&d=mm&r=g\",\"caption\":\"bjoern@steveker.com\"},\"url\":\"https:\\\/\\\/so-anwaelte.de\\\/es\\\/author\\\/bjoernsteveker-com\\\/\"}]}<\/script>\n<!-- \/ Yoast SEO Premium plugin. -->","yoast_head_json":{"title":"Blitzer in Osnabr\u00fcck, Bremen und Umgebung - Steveker &amp; Odebrecht - Anwaltskanzlei","description":"Averig\u00fce d\u00f3nde se encuentran los radares fijos en Osnabr\u00fcck, Bremen y alrededores, qu\u00e9 oficinas de multas son responsables y cu\u00e1ndo merece la pena recurrir.","robots":{"index":"index","follow":"follow","max-snippet":"max-snippet:-1","max-image-preview":"max-image-preview:large","max-video-preview":"max-video-preview:-1"},"canonical":"https:\/\/so-anwaelte.de\/es\/radares-fijos-en-osnabrueck-bremen-y-alrededores\/","og_locale":"es_ES","og_type":"article","og_title":"Blitzer in Osnabr\u00fcck, Bremen und Umgebung","og_description":"Erfahren Sie, wo Blitzer in Osnabr\u00fcck, Bremen und Umgebung stehen, welche Bu\u00dfgeldstellen zust\u00e4ndig sind und wann sich ein Einspruch lohnt.","og_url":"https:\/\/so-anwaelte.de\/es\/radares-fijos-en-osnabrueck-bremen-y-alrededores\/","og_site_name":"Steveker &amp; Odebrecht - Anwaltskanzlei","article_published_time":"2025-10-27T15:11:34+00:00","article_modified_time":"2025-10-28T07:34:11+00:00","og_image":[{"width":1232,"height":928,"url":"https:\/\/so-anwaelte.de\/wp-content\/uploads\/2025\/10\/ra_stev_89482_Traffic_police_monitoring_speed_with_radar_gun__6752e53e-6a0a-4fdb-a3a1-8a5a33047532_1.png","type":"image\/png"}],"author":"bjoern@steveker.com","twitter_card":"summary_large_image","twitter_misc":{"Escrito por":"bjoern@steveker.com","Tiempo de lectura":"29 minutos"},"schema":{"@context":"https:\/\/schema.org","@graph":[{"@type":"Article","@id":"https:\/\/so-anwaelte.de\/blitzer-in-osnabrueck-bremen-und-umgebung\/#article","isPartOf":{"@id":"https:\/\/so-anwaelte.de\/blitzer-in-osnabrueck-bremen-und-umgebung\/"},"author":{"name":"bjoern@steveker.com","@id":"https:\/\/so-anwaelte.de\/#\/schema\/person\/77b2f7132d79025abd5fb7b8475ed77e"},"headline":"Blitzer in Osnabr\u00fcck, Bremen und Umgebung","datePublished":"2025-10-27T15:11:34+00:00","dateModified":"2025-10-28T07:34:11+00:00","mainEntityOfPage":{"@id":"https:\/\/so-anwaelte.de\/blitzer-in-osnabrueck-bremen-und-umgebung\/"},"wordCount":2423,"publisher":{"@id":"https:\/\/so-anwaelte.de\/#organization"},"image":{"@id":"https:\/\/so-anwaelte.de\/blitzer-in-osnabrueck-bremen-und-umgebung\/#primaryimage"},"thumbnailUrl":"https:\/\/so-anwaelte.de\/wp-content\/uploads\/2025\/10\/ra_stev_89482_Traffic_police_monitoring_speed_with_radar_gun__6752e53e-6a0a-4fdb-a3a1-8a5a33047532_1.png","articleSection":["Verkehrsrecht"],"inLanguage":"es","copyrightYear":"2025","copyrightHolder":{"@id":"https:\/\/so-anwaelte.de\/es\/#organization"}},{"@type":"WebPage","@id":"https:\/\/so-anwaelte.de\/blitzer-in-osnabrueck-bremen-und-umgebung\/","url":"https:\/\/so-anwaelte.de\/blitzer-in-osnabrueck-bremen-und-umgebung\/","name":"Blitzer in Osnabr\u00fcck, Bremen und Umgebung - Steveker &amp; Odebrecht - Anwaltskanzlei","isPartOf":{"@id":"https:\/\/so-anwaelte.de\/#website"},"primaryImageOfPage":{"@id":"https:\/\/so-anwaelte.de\/blitzer-in-osnabrueck-bremen-und-umgebung\/#primaryimage"},"image":{"@id":"https:\/\/so-anwaelte.de\/blitzer-in-osnabrueck-bremen-und-umgebung\/#primaryimage"},"thumbnailUrl":"https:\/\/so-anwaelte.de\/wp-content\/uploads\/2025\/10\/ra_stev_89482_Traffic_police_monitoring_speed_with_radar_gun__6752e53e-6a0a-4fdb-a3a1-8a5a33047532_1.png","datePublished":"2025-10-27T15:11:34+00:00","dateModified":"2025-10-28T07:34:11+00:00","description":"Averig\u00fce d\u00f3nde se encuentran los radares fijos en Osnabr\u00fcck, Bremen y alrededores, qu\u00e9 oficinas de multas son responsables y cu\u00e1ndo merece la pena recurrir.","breadcrumb":{"@id":"https:\/\/so-anwaelte.de\/blitzer-in-osnabrueck-bremen-und-umgebung\/#breadcrumb"},"inLanguage":"es","potentialAction":[{"@type":"ReadAction","target":["https:\/\/so-anwaelte.de\/blitzer-in-osnabrueck-bremen-und-umgebung\/"]}]},{"@type":"ImageObject","inLanguage":"es","@id":"https:\/\/so-anwaelte.de\/blitzer-in-osnabrueck-bremen-und-umgebung\/#primaryimage","url":"https:\/\/so-anwaelte.de\/wp-content\/uploads\/2025\/10\/ra_stev_89482_Traffic_police_monitoring_speed_with_radar_gun__6752e53e-6a0a-4fdb-a3a1-8a5a33047532_1.png","contentUrl":"https:\/\/so-anwaelte.de\/wp-content\/uploads\/2025\/10\/ra_stev_89482_Traffic_police_monitoring_speed_with_radar_gun__6752e53e-6a0a-4fdb-a3a1-8a5a33047532_1.png","width":1232,"height":928},{"@type":"BreadcrumbList","@id":"https:\/\/so-anwaelte.de\/blitzer-in-osnabrueck-bremen-und-umgebung\/#breadcrumb","itemListElement":[{"@type":"ListItem","position":1,"name":"Home","item":"https:\/\/so-anwaelte.de\/"},{"@type":"ListItem","position":2,"name":"Blitzer in Osnabr\u00fcck, Bremen und Umgebung"}]},{"@type":"WebSite","@id":"https:\/\/so-anwaelte.de\/#website","url":"https:\/\/so-anwaelte.de\/","name":"Steveker &amp; Odebrecht - Despacho de abogados","description":"","publisher":{"@id":"https:\/\/so-anwaelte.de\/#organization"},"potentialAction":[{"@type":"SearchAction","target":{"@type":"EntryPoint","urlTemplate":"https:\/\/so-anwaelte.de\/?s={search_term_string}"},"query-input":{"@type":"PropertyValueSpecification","valueRequired":true,"valueName":"search_term_string"}}],"inLanguage":"es"},{"@type":["Organization","Place","Attorney"],"@id":"https:\/\/so-anwaelte.de\/#organization","name":"Steveker & Odebrecht PartmbB","url":"https:\/\/so-anwaelte.de\/","logo":{"@type":"ImageObject","inLanguage":"es","@id":"https:\/\/so-anwaelte.de\/#\/schema\/logo\/image\/","url":"https:\/\/so-anwaelte.de\/wp-content\/uploads\/2025\/04\/customcolor_logo_transparent_background-scaled.png","contentUrl":"https:\/\/so-anwaelte.de\/wp-content\/uploads\/2025\/04\/customcolor_logo_transparent_background-scaled.png","width":2560,"height":1536,"caption":"Steveker & Odebrecht PartmbB"},"image":{"@id":"https:\/\/so-anwaelte.de\/#\/schema\/logo\/image\/"},"legalName":"Steveker & Odebrecht PartmbB","foundingDate":"2025-07-01","numberOfEmployees":{"@type":"QuantitativeValue","minValue":"11","maxValue":"50"},"telephone":[],"vatID":"DE454806485"},{"@type":"Person","@id":"https:\/\/so-anwaelte.de\/#\/schema\/person\/77b2f7132d79025abd5fb7b8475ed77e","name":"bjoern@steveker.com","image":{"@type":"ImageObject","inLanguage":"es","@id":"https:\/\/secure.gravatar.com\/avatar\/c51571af67be8cc3ea6bcefce709312643610b2d4b85487c04fef2fae586cee0?s=96&d=mm&r=g","url":"https:\/\/secure.gravatar.com\/avatar\/c51571af67be8cc3ea6bcefce709312643610b2d4b85487c04fef2fae586cee0?s=96&d=mm&r=g","contentUrl":"https:\/\/secure.gravatar.com\/avatar\/c51571af67be8cc3ea6bcefce709312643610b2d4b85487c04fef2fae586cee0?s=96&d=mm&r=g","caption":"bjoern@steveker.com"},"url":"https:\/\/so-anwaelte.de\/es\/author\/bjoernsteveker-com\/"}]}},"_links":{"self":[{"href":"https:\/\/so-anwaelte.de\/es\/wp-json\/wp\/v2\/posts\/5811","targetHints":{"allow":["GET"]}}],"collection":[{"href":"https:\/\/so-anwaelte.de\/es\/wp-json\/wp\/v2\/posts"}],"about":[{"href":"https:\/\/so-anwaelte.de\/es\/wp-json\/wp\/v2\/types\/post"}],"author":[{"embeddable":true,"href":"https:\/\/so-anwaelte.de\/es\/wp-json\/wp\/v2\/users\/4"}],"replies":[{"embeddable":true,"href":"https:\/\/so-anwaelte.de\/es\/wp-json\/wp\/v2\/comments?post=5811"}],"version-history":[{"count":0,"href":"https:\/\/so-anwaelte.de\/es\/wp-json\/wp\/v2\/posts\/5811\/revisions"}],"wp:featuredmedia":[{"embeddable":true,"href":"https:\/\/so-anwaelte.de\/es\/wp-json\/wp\/v2\/media\/5812"}],"wp:attachment":[{"href":"https:\/\/so-anwaelte.de\/es\/wp-json\/wp\/v2\/media?parent=5811"}],"wp:term":[{"taxonomy":"category","embeddable":true,"href":"https:\/\/so-anwaelte.de\/es\/wp-json\/wp\/v2\/categories?post=5811"},{"taxonomy":"post_tag","embeddable":true,"href":"https:\/\/so-anwaelte.de\/es\/wp-json\/wp\/v2\/tags?post=5811"}],"curies":[{"name":"wp","href":"https:\/\/api.w.org\/{rel}","templated":true}]}}